{"id":1557,"date":"2026-01-16T07:43:48","date_gmt":"2026-01-16T07:43:48","guid":{"rendered":"https:\/\/mediacamp.sdu.dk\/?p=1557"},"modified":"2026-01-16T08:45:54","modified_gmt":"2026-01-16T08:45:54","slug":"leder-trumps-perverterede-politiske-propaganda-skal-stoppes","status":"publish","type":"post","link":"https:\/\/mediacamp.sdu.dk\/index.php\/2026\/01\/16\/leder-trumps-perverterede-politiske-propaganda-skal-stoppes\/","title":{"rendered":"LEDER Trumps perverterede politiske propaganda skal stoppes"},"content":{"rendered":"<p><b><span data-contrast=\"auto\">Skrevet af\u00a0Maximilian Lehn-Hededal\u00a0og\u00a0Klaudija\u00a0Survilaite, 2.z Himmelev Gymnasium<\/span><\/b><span data-ccp-props=\"{}\">\u00a0<\/span><\/p>\n<p><span data-contrast=\"auto\">Teknologisk mirakel, menneskets undergang eller blot et skridt p\u00e5 vejen\u00a0som race<\/span><span data-contrast=\"none\">.\u00a0\u00c9n\u00a0<\/span><span data-contrast=\"auto\">ting er i hver fald sikker;\u00a0for mange tilf\u00f8jer\u00a0brugen af\u00a0deepfakes\u00a0og AI generede videoer\u00a0usikkerhed\u00a0i hverdagen. Gr\u00e6nsen\u00a0mellem mand og maskine\u00a0er\u00a0mere\u00a0utydelig\u00a0end nogensinde f\u00f8r.\u00a0Dette\u00a0blev vi mindet om efter\u00a0det diplomatiske m\u00f8de omkring Gr\u00f8nland i\u00a0g\u00e5r.\u00a0<\/span><span data-ccp-props=\"{}\">\u00a0<\/span><\/p>\n<p><span data-contrast=\"auto\">Is\u00e6r n\u00e5r det kommer til politik kan den nye teknologi skabe forvirring.\u00a0Hvis man\u00a0til geng\u00e6ld\u00a0spurgte den amerikanske pr\u00e6sident\u00a0Donald\u00a0Trump,\u00a0ville han nok\u00a0svare noget andet. Han har l\u00e6nge\u00a0udnyttet\u00a0AI til politiske\u00a0kampagner,\u00a0og for ham er det ikke blot\u00a0endnu et\u00a0teknologisk hj\u00e6lpemiddel,\u00a0men et v\u00e5ben der kan bruges i kampen for et\u00a0stort\u00a0og magtfuldt\u00a0Amerika.<\/span><span data-ccp-props=\"{}\">\u00a0<\/span><\/p>\n<p><span data-contrast=\"auto\">Sp\u00e6ndingen\u00a0omkring\u00a0Gr\u00f8nland n\u00e5ede sit hidtil h\u00f8jeste\u00a0i\u00a0g\u00e5r,\u00a0da\u00a0vores udenrigsminister\u00a0Lars\u00a0L\u00f8kke\u00a0Rasmussen\u00a0og\u00a0Gr\u00f8nlands minister for udenrigsanliggender\u00a0Vivian Motzfeldt,\u00a0holdt m\u00f8de med den\u00a0amerikanske\u00a0vicepr\u00e6sident\u00a0i\u00a0g\u00e5r.\u00a0<\/span><span data-ccp-props=\"{}\">\u00a0<\/span><\/p>\n<p><i><span data-contrast=\"none\">\u201d[AI] kan\u00a0v\u00e6re med til at s\u00e6tte ild under det hele\u201d<\/span><\/i><span data-contrast=\"none\">\u00a0&#8211; Udtalelse fra\u00a0USA-analytiker\u00a0Mads\u00a0Dalgaard\u00a0i forbindelse med brugen af AI i valgkampen\u00a02024.\u00a0<\/span><span data-ccp-props=\"{}\">\u00a0<\/span><\/p>\n<p><span data-contrast=\"auto\">Kort efter m\u00f8det lagde Trump et politisk satire \u201dmeme\u201d op p\u00e5 X,\u00a0fremstillet\u00a0af\u00a0kunstig intelligens. P\u00e5 billedet ses to\u00a0gr\u00f8nlandske\u00a0hundesl\u00e6der,\u00a0der\u00a0st\u00e5r ved en\u00a0vejforgrening. Den ene vej f\u00f8rer til en\u00a0lys\u00a0fremtid med det amerikanske flag\u00a0hejst,\u00a0og\u00a0den anden\u00a0til\u00a0en\u00a0dystopisk fremtid med\u00a0det\u00a0kinesiske og russiske flag\u00a0hejst.<\/span><span data-ccp-props=\"{}\">\u00a0<\/span><\/p>\n<p><span data-contrast=\"auto\">P\u00e5 overfladen virker det harml\u00f8st,\u00a0og\u00a0\u201dmemes\u201d som disse er\u00a0ikke n\u00f8dvendigvis et problem, men det er langt fra de eneste fiksfakserier,\u00a0Trump\u00a0bruger\u00a0AI\u00a0til.<\/span><span data-ccp-props=\"{}\">\u00a0<\/span><\/p>\n<p><span data-contrast=\"auto\">I\u00a0juli\u00a02024 lagde Trump en falsk video\u00a0op,\u00a0hvorp\u00e5\u00a0man ser\u00a0den\u00a0tidligere pr\u00e6sident,\u00a0Barack\u00a0Obama,\u00a0blive anholdt. Herefter bliver han\u00a0forvist\u00a0til f\u00e6ngsel,\u00a0og\u00a0man ser\u00a0tydeligt\u00a0tvivlen\u00a0malet\u00a0i\u00a0hans\u00a0ansigt. Videoen skabte\u00a0naturligvis\u00a0opt\u00f8jer.<\/span><span data-ccp-props=\"{}\">\u00a0<\/span><\/p>\n<p><i><span data-contrast=\"none\">\u201dIs\u00a0this real footage of Obama being arrested????\u201d<\/span><\/i><span data-contrast=\"none\">\u00a0&#8211;\u00a0skrev\u00a0en\u00a0bruger\u00a0p\u00e5\u00a0mediet.\u00a0<\/span><span data-ccp-props=\"{}\">\u00a0<\/span><\/p>\n<p><span data-contrast=\"auto\">Listen af sager som denne er lang,\u00a0og det\u00a0rejser et alvorligt sp\u00f8rgsm\u00e5l om\u00a0etikken ved\u00a0brug af AI og s\u00e5kaldte\u00a0deepfakes\u00a0i politik. I takt med,\u00a0at modellerne bliver bedre,\u00a0vil det ogs\u00e5 blive mere udfordrende for os at skelne virkelighed fra\u00a0propaganda.<\/span><span data-ccp-props=\"{}\">\u00a0<\/span><\/p>\n<p><span data-contrast=\"auto\">Vi slipper\u00a0ikke udenom i\u00a0Danmark,\u00a0hvor nye\u00a0deepfakes\u00a0af\u00a0politikere\u00a0j\u00e6vnligt\u00a0cirkulerer de\u00a0sociale medier.<\/span><span data-ccp-props=\"{}\">\u00a0<\/span><\/p>\n<p><span data-contrast=\"none\">\u201dDette er\u00a0\u00f8del\u00e6ggende for vores demokratiske samtale\u201d\u00a0udtaler Mette\u00a0Frederiksen\u00a0i\u00a0forbindelse med en\u00a0deepfake-sag i\u00a0maj 2024.<\/span><span data-ccp-props=\"{}\">\u00a0<\/span><\/p>\n<p><span data-contrast=\"auto\">Vi st\u00e5r derfor overfor to\u00a0grundl\u00e6ggende\u00a0valg:\u00a0<\/span><span data-ccp-props=\"{}\">\u00a0<\/span><\/p>\n<p><span data-contrast=\"auto\">Vil vi sidde og vente\u00a0passivt\u00a0p\u00e5,\u00a0at\u00a0deepfakes\u00a0bliver\u00a0umulige at skelne fra virkeligheden,\u00a0og lade\u00a0Donald Trump og hans\u00a0tech-moguler\u00a0misbruge\u00a0redskabet\u00a0p\u00e5\u00a0ucensurerede\u00a0medier?\u00a0&#8211;\u00a0Eller\u00a0vil vi\u00a0tage aktiv stilling til det presserende problem og im\u00f8dekomme det med\u00a0uddannelse, certificerede medier og restriktioner?\u00a0<\/span><span data-ccp-props=\"{}\">\u00a0<\/span><\/p>\n<p><span data-contrast=\"auto\">Vi har taget stilling.\u00a0Det skal stoppes.\u00a0<\/span><span data-ccp-props=\"{}\">\u00a0<\/span><\/p>\n","protected":false},"excerpt":{"rendered":"<p>Skrevet af\u00a0Maximilian Lehn-Hededal\u00a0og\u00a0Klaudija\u00a0Survilaite, 2.z Himmelev Gymnasium\u00a0 Teknologisk mirakel, menneskets undergang eller blot et skridt p\u00e5 vejen\u00a0som race.\u00a0\u00c9n\u00a0ting er i hver fald sikker;\u00a0for mange tilf\u00f8jer\u00a0brugen af\u00a0deepfakes\u00a0og AI generede videoer\u00a0usikkerhed\u00a0i hverdagen. Gr\u00e6nsen\u00a0mellem mand og maskine\u00a0er\u00a0mere\u00a0utydelig\u00a0end nogensinde f\u00f8r.\u00a0Dette\u00a0blev&#8230;<\/p>\n","protected":false},"author":5,"featured_media":1611,"comment_status":"closed","ping_status":"open","sticky":false,"template":"","format":"standard","meta":{"footnotes":""},"categories":[22],"tags":[],"class_list":["post-1557","post","type-post","status-publish","format-standard","has-post-thumbnail","hentry","category-himmelevgym"],"_links":{"self":[{"href":"https:\/\/mediacamp.sdu.dk\/index.php\/wp-json\/wp\/v2\/posts\/1557","targetHints":{"allow":["GET"]}}],"collection":[{"href":"https:\/\/mediacamp.sdu.dk\/index.php\/wp-json\/wp\/v2\/posts"}],"about":[{"href":"https:\/\/mediacamp.sdu.dk\/index.php\/wp-json\/wp\/v2\/types\/post"}],"author":[{"embeddable":true,"href":"https:\/\/mediacamp.sdu.dk\/index.php\/wp-json\/wp\/v2\/users\/5"}],"replies":[{"embeddable":true,"href":"https:\/\/mediacamp.sdu.dk\/index.php\/wp-json\/wp\/v2\/comments?post=1557"}],"version-history":[{"count":1,"href":"https:\/\/mediacamp.sdu.dk\/index.php\/wp-json\/wp\/v2\/posts\/1557\/revisions"}],"predecessor-version":[{"id":1560,"href":"https:\/\/mediacamp.sdu.dk\/index.php\/wp-json\/wp\/v2\/posts\/1557\/revisions\/1560"}],"wp:featuredmedia":[{"embeddable":true,"href":"https:\/\/mediacamp.sdu.dk\/index.php\/wp-json\/wp\/v2\/media\/1611"}],"wp:attachment":[{"href":"https:\/\/mediacamp.sdu.dk\/index.php\/wp-json\/wp\/v2\/media?parent=1557"}],"wp:term":[{"taxonomy":"category","embeddable":true,"href":"https:\/\/mediacamp.sdu.dk\/index.php\/wp-json\/wp\/v2\/categories?post=1557"},{"taxonomy":"post_tag","embeddable":true,"href":"https:\/\/mediacamp.sdu.dk\/index.php\/wp-json\/wp\/v2\/tags?post=1557"}],"curies":[{"name":"wp","href":"https:\/\/api.w.org\/{rel}","templated":true}]}}