{"id":1653,"date":"2026-01-16T09:52:29","date_gmt":"2026-01-16T09:52:29","guid":{"rendered":"https:\/\/mediacamp.sdu.dk\/?p=1653"},"modified":"2026-01-16T09:52:29","modified_gmt":"2026-01-16T09:52:29","slug":"analyse-naar-overvaagning-erstatter-de-varme-haender","status":"publish","type":"post","link":"https:\/\/mediacamp.sdu.dk\/index.php\/2026\/01\/16\/analyse-naar-overvaagning-erstatter-de-varme-haender\/","title":{"rendered":"ANALYSE N\u00e5r overv\u00e5gning erstatter de varme h\u00e6nder"},"content":{"rendered":"<p><span data-contrast=\"none\">16.januar 2026<\/span><\/p>\n<p><span data-contrast=\"none\">Af\u00a0Frederikke\u00a0Jensen\u00a0og\u00a0Nanna\u00a0Nielsen,\u00a0Stenhus\u00a0Gymnasium<\/span><span data-ccp-props=\"{}\">\u00a0<\/span><\/p>\n<p><span data-ccp-props=\"{}\">\u00a0<\/span><\/p>\n<p><span data-contrast=\"auto\">Regeringen,\u00a0Kommunernes Landsforening og Danske Regioner\u00a0varsler\u00a0i disse dage, at kunstig intelligens skal rulles\u00a0ud\u00a0i den offentlige sektor. Det sker\u00a0blandt andet\u00a0for\u00a0at styrke plejesektoren, s\u00e5\u00a0hj\u00e6lpen til de \u00e6ldre\u00a0bliver\u00a0mere effektiv.\u00a0Men\u00a0skal man lege Dj\u00e6vlens advokat kan man ogs\u00e5 kalde det en\u00a0spare\u00f8velse, der i sidste ende kan betyde\u00a0mindre kontakt mellem\u00a0de \u00e6ldre\u00a0og\u00a0deres\u00a0plejere.\u00a0<\/span><span data-ccp-props=\"{&quot;201341983&quot;:0,&quot;335559740&quot;:300}\">\u00a0<\/span><span data-ccp-props=\"{&quot;201341983&quot;:0,&quot;335559740&quot;:300}\">\u00a0<\/span><\/p>\n<p><span data-contrast=\"auto\">Baggrunden\u00a0for hele \u00f8velsen\u00a0er en politisk aftale om en reform af \u00e6ldreomr\u00e5det fra april 2024. Bag\u00a0aftalen\u00a0st\u00e5r\u00a0regeringen, Danmarksdemokraterne,\u00a0Socialistisk\u00a0Folkeparti, Liberal\u00a0<\/span><span data-ccp-props=\"{&quot;201341983&quot;:0,&quot;335559740&quot;:300}\">\u00a0<\/span><\/p>\n<p><span data-contrast=\"auto\">Alliance,\u00a0Det Konservative Folkeparti og Radikale Venstre.\u00a0Som del\u00a0af\u00a0aftalen\u00a0blev der\u00a0nedsat\u00a0en arbejdsgruppe,\u00a0der fik til opgave\u00a0at\u00a0komme med\u00a0konkrete\u00a0anbefalinger\u00a0til\u00a0udbredelsen\u00a0af velf\u00e6rdsteknologi i \u00e6ldreplejen.\u00a0<\/span><span data-ccp-props=\"{&quot;201341983&quot;:0,&quot;335559740&quot;:300}\">\u00a0<\/span><span data-ccp-props=\"{&quot;201341983&quot;:0,&quot;335559740&quot;:300}\">\u00a0<\/span><\/p>\n<p><span data-contrast=\"auto\">Konkret handler\u00a0f\u00f8rste fase\u00a0af\u00a0den digitale\u00a0revolution om\u00a0en systematisk ops\u00e6ttelse af\u00a0kameraer\u00a0med indbygget\u00a0AI.\u00a0Kameraet\u00a0indeholder en\u00a0optisk\u00a0sensor, som registrerer\u00a0aktivitet,\u00a0selv i m\u00f8rke,\u00a0ved brug af infrar\u00f8dt\u00a0lys.\u00a0Kameraet\u00a0tager kontinuerligt billeder, hvorefter en computer\u00a0analyserer\u00a0s\u00e5kaldt\u00a0adf\u00e6rdsdata.\u00a0Plejepersonalet\u00a0f\u00e5r\u00a0beskeder\u00a0direkte\u00a0p\u00e5 deres\u00a0enheder,\u00a0n\u00e5r\u00a0systemet\u00a0opfanger\u00a0alarmerende aktiviteter.\u00a0Det kan v\u00e6re\u00a0farlige\u00a0situationer,\u00a0hvor\u00a0borgeren er\u00a0faldet\u00a0eller\u00a0akut\u00a0har f\u00e5et det\u00a0meget\u00a0d\u00e5rligt, men det kan ogs\u00e5\u00a0v\u00e6re\u00a0dagligdagsvaner, der skal holdes \u00f8je med, s\u00e6rligt\u00a0s\u00f8vn- og toiletvaner.\u00a0<\/span><span data-ccp-props=\"{&quot;201341983&quot;:0,&quot;335559740&quot;:300}\">\u00a0<\/span><\/p>\n<p>&nbsp;<\/p>\n<p><img loading=\"lazy\" decoding=\"async\" class=\"alignnone size-medium wp-image-1656\" src=\"https:\/\/mediacamp.sdu.dk\/wp-content\/uploads\/2026\/01\/StenhusPicture2-300x249.png\" alt=\"\" width=\"300\" height=\"249\" srcset=\"https:\/\/mediacamp.sdu.dk\/wp-content\/uploads\/2026\/01\/StenhusPicture2-300x249.png 300w, https:\/\/mediacamp.sdu.dk\/wp-content\/uploads\/2026\/01\/StenhusPicture2.png 352w\" sizes=\"auto, (max-width: 300px) 100vw, 300px\" \/> \u00a0<img loading=\"lazy\" decoding=\"async\" class=\"alignnone size-full wp-image-1659\" src=\"https:\/\/mediacamp.sdu.dk\/wp-content\/uploads\/2026\/01\/StenhusPicture3.png\" alt=\"\" width=\"158\" height=\"152\" \/><\/p>\n<p><span data-contrast=\"auto\">If\u00f8lge Digitaliseringsstyrelsen\u00a0er der sket en positiv forandring i forhold til\u00a0tid\u00a0og\u00a0kvalitet.\u00a0Plejepersonalet\u00a0sparer\u00a09 minutter p\u00e5 dokumentation om dagen per\u00a0beboer.\u00a0Desuden sparer\u00a0de\u00a0tid p\u00e5 ikke at m\u00f8de op hos folk, der stadig sover.\u00a0P\u00e5 den baggrund gives der nu\u00a05 minutters mere reel\u00a0omsorg\u00a0til\u00a0hver borger per dag.\u00a0Herudover oplyser Digitaliseringsstyrelsen, at de kan hj\u00e6lpe ved fald p\u00e5 den halve tid\u00a0med brug af de nye systemer. N\u00e5r personalet\u00a0har en tydeligere id\u00e9 om, hvad der er sket,\u00a0kan den rette hj\u00e6lp komme hurtigere frem.\u00a0<\/span><span data-ccp-props=\"{&quot;201341983&quot;:0,&quot;335559740&quot;:300}\">\u00a0<\/span><span data-ccp-props=\"{&quot;201341983&quot;:0,&quot;335559740&quot;:300}\">\u00a0<\/span><\/p>\n<p><span data-contrast=\"auto\">Nu\u00a0kunne\u00a0man\u00a0s\u00e5\u00a0t\u00e6nke, at\u00a0implementeringen vil koste mange\u00a0penge, der ellers kunne\u00a0v\u00e6re\u00a0blevet\u00a0brugt p\u00e5\u00a0ekstra medarbejdere, men i\u00a0realiteten\u00a0er\u00a0AI-l\u00f8sningen\u00a0en profitabel\u00a0forretning.\u00a0S\u00e5dan ser det i hvert fald ud p\u00e5 tegnebr\u00e6ttet.\u00a0N\u00e6stved Kommune har\u00a0brugt\u00a0millioner p\u00e5 nye\u00a0AI-tiltag,\u00a0herunder\u00a0400.000 kr.\u00a0i\u00a0ops\u00e6tning af\u00a0sensorerne\u00a0hos 100 beboere og 1.440.000 kroner\u00a0i\u00a0\u00e5rlig vedligeholdelse\u00a0og drift.\u00a0Til geng\u00e6ld forventer de en \u00e5rlig besparelse mellem\u00a02.510.000 og\u00a03.860.000 kroner\u00a0alene for medarbejdere i nattevagten.\u00a0Hvor\u00a0de f\u00f8rhen skulle bruge \u00e9n medarbejder p\u00e5 nattevagt per 25 borgere,\u00a0kan\u00a0\u00e9n nattevagt se efter 33 beboere\u00a0ved hj\u00e6lp af teknologien.\u00a0<\/span><span data-ccp-props=\"{&quot;201341983&quot;:0,&quot;335559740&quot;:300}\">\u00a0<\/span><span data-ccp-props=\"{&quot;201341983&quot;:0,&quot;335559740&quot;:300}\">\u00a0<\/span><\/p>\n<p><span data-contrast=\"auto\">Men sp\u00f8rgsm\u00e5let er,\u00a0om effektivitet\u00a0overtrumfer\u00a0etik?\u00a0For selvom\u00a0fordelene\u00a0st\u00e5r\u00a0klart,\u00a0kan\u00a0der\u00a0ogs\u00e5 v\u00e6re\u00a0tale om\u00a0en\u00a0overtr\u00e6delse af beboernes privatliv.\u00a0Kunne man t\u00e6nke sig, at den konstante\u00a0overv\u00e5gning\u00a0p\u00e5 l\u00e6ngere sigt f\u00e5r\u00a0betydning for beboernes oplevelse af autonomi og tryghed?\u00a0For nogle kan f\u00f8lelsen af hele tiden at\u00a0blive\u00a0holdt \u00f8je med\u00a0m\u00e5ske\u00a0skabe en\u00a0uheldig\u00a0form for\u00a0selvbevidsthed\u00a0i hverdagen,\u00a0som ikke synes at v\u00e6re sund.\u00a0Netop derfor rejser brugen af denne type teknologi ikke kun\u00a0\u00f8konomiske og tekniske sp\u00f8rgsm\u00e5l, men ogs\u00e5\u00a0etiske og menneskelige sp\u00f8rgsm\u00e5l,\u00a0for ikke at tale om\u00a0juridiske\u00a0problematikker. For hvor langt\u00a0kan\u00a0man\u00a0egentlig\u00a0g\u00e5, n\u00e5r det drejer sig om\u00a0s\u00e5rbare\u00a0medborgere, f\u00f8r man st\u00f8der mod\u00a0s\u00e5vel etikkens som\u00a0lovgivningens gr\u00e6nser?<\/span><span data-ccp-props=\"{&quot;201341983&quot;:0,&quot;335559740&quot;:300}\">\u00a0<\/span><span data-ccp-props=\"{&quot;201341983&quot;:0,&quot;335559740&quot;:300}\">\u00a0<\/span><\/p>\n<p><span data-contrast=\"auto\">Skal vi se lidt n\u00e6rmere p\u00e5 lovgivningen, er N\u00e6stved igen et udm\u00e6rket eksempel.\u00a0Indf\u00f8relsen af AI-l\u00f8sningen i\u00a0kommunen\u00a0sker med udgangspunkt i servicelovens \u00a7136e,\u00a0som giver mulighed for anvendelse af tryghedsskabende velf\u00e6rdsteknologi i \u00e6ldreplejen.<\/span><span data-ccp-props=\"{&quot;201341983&quot;:0,&quot;335559740&quot;:300}\">\u00a0<\/span><\/p>\n<p><span data-ccp-props=\"{&quot;201341983&quot;:0,&quot;335559740&quot;:300}\">\u00a0<\/span><\/p>\n<p><b><span data-contrast=\"auto\">&#8220;Personalet kan som led i omsorgen anvende tryghedsskabende\u00a0\u00a0\u00a0\u00a0\u00a0\u00a0velf\u00e6rdsteknologi, for at sikre personens tryghed, v\u00e6rdighed og omsorg, medmindre den p\u00e5g\u00e6ldende mods\u00e6tter sig anvendelsen&#8221;.<\/span><\/b><\/p>\n<p><span data-contrast=\"none\">Serviceloven \u00a7136e\u00a0<\/span><span data-ccp-props=\"{&quot;201341983&quot;:0,&quot;335559685&quot;:397,&quot;335559740&quot;:300}\">\u00a0<\/span><\/p>\n<p><span data-ccp-props=\"{&quot;201341983&quot;:0,&quot;335559740&quot;:300}\">\u00a0<\/span><span data-ccp-props=\"{&quot;201341983&quot;:0,&quot;335559740&quot;:300}\">\u00a0<\/span><\/p>\n<p><span data-contrast=\"auto\">Beboerne har\u00a0dermed\u00a0til enhver tid\u00a0ret\u00a0til at\u00a0afsl\u00e5 teknologien.\u00a0Men\u00a0i\u00a0mange kommuner\u00a0hersker\u00a0en overvejende tvivl om de juridiske retningslinjer, som begr\u00e6nser\u00a0udbredelsen og\u00a0skaleringen\u00a0af AI-l\u00f8sningen. S\u00e6rligt regler om GDPR, datadeling og\u00a0sektorlovgivning\u00a0st\u00e5r i vejen herfor.\u00a0Ogs\u00e5 selvom\u00a0det i flere tilf\u00e6lde har vist sig at v\u00e6re til gavn\u00a0for b\u00e5de\u00a0borgere og medarbejdere.\u00a0Som det st\u00e5r til nu, kan lovgivningen fortolkes p\u00e5 flere forskellige m\u00e5der.\u00a0Derfor kommer\u00a0\u00c6ldreministeriet med en\u00a0klar\u00a0anbefaling om at \u00e6ndre de juridiske\u00a0rammer, s\u00e5\u00a0retningslinjerne\u00a0fremg\u00e5r tydeligere.\u00a0\u00c6ldreministeriet\u00a0har\u00a0i den forbindelse\u00a0udarbejdet et nyt\u00a0lovforslag, der forventes at tr\u00e6de i kraft 1. juli 2026.<\/span><\/p>\n<p><span data-ccp-props=\"{&quot;201341983&quot;:0,&quot;335559740&quot;:300}\">\u00a0<\/span><span data-contrast=\"auto\">Den teknologiske udvikling g\u00e5r\u00a0s\u00e5ledes\u00a0st\u00e6rkt.\u00a0Den\u00a0fletter sig p\u00e5 alle omr\u00e5der ind i vores liv, og hos de gamle, vi holder af og gerne vil passe p\u00e5. S\u00e5\u00a0hvor skal vi s\u00f8ge r\u00e5d for, hvordan alt dette h\u00e5ndteres?\u00a0M\u00e5ske skal man se\u00a0p\u00e5 en af de svageste grupper, nemlig de demente.\u00a0Forskere\u00a0fra Nationalt Videnscenter for Demens\u00a0peger\u00a0i projektet LIVSTEGN\u00a0p\u00e5, at\u00a0teknologien\u00a0kan bruges, men\u00a0med omtanke.\u00a0Deres r\u00e5d er v\u00e6rd at lytte til for\u00a0kommunale ledere og politikere.\u00a0Forskerne peger p\u00e5, at\u00a0man\u00a0l\u00f8bende\u00a0skal\u00a0forholde sig\u00a0kritisk over\u00a0for teknologien.\u00a0Ledelser i plejesektoren b\u00f8r\u00a0udpege en n\u00f8gleperson blandt medarbejderne,\u00a0der skal v\u00e6re opm\u00e6rksom p\u00e5 fejl i systemet, og det skal sikres, at\u00a0alle AI-alarmer passer til\u00a0beboernes faktiske behov.\u00a0<\/span><span data-ccp-props=\"{&quot;201341983&quot;:0,&quot;335559740&quot;:300}\">\u00a0<\/span><\/p>\n<p><span data-ccp-props=\"{&quot;201341983&quot;:0,&quot;335559740&quot;:300}\">\u00a0<\/span><span data-contrast=\"auto\">Ja,\u00a0nok er teknologien kommet for at blive, men det er den kritiske sans og de varme h\u00e6nder ogs\u00e5. Vi kan nok forvente\u00a0en\u00a0skalering\u00a0af\u00a0AI i plejesektoren fremover, men det skal v\u00e6re en\u00a0forbedring frem for en erstatning af den menneskelige kontakt, respekt og omsorg.\u00a0<\/span><span data-ccp-props=\"{&quot;201341983&quot;:0,&quot;335559740&quot;:300}\">\u00a0<\/span><\/p>\n","protected":false},"excerpt":{"rendered":"<p>16.januar 2026 Af\u00a0Frederikke\u00a0Jensen\u00a0og\u00a0Nanna\u00a0Nielsen,\u00a0Stenhus\u00a0Gymnasium\u00a0 \u00a0 Regeringen,\u00a0Kommunernes Landsforening og Danske Regioner\u00a0varsler\u00a0i disse dage, at kunstig intelligens skal rulles\u00a0ud\u00a0i den offentlige sektor. Det sker\u00a0blandt andet\u00a0for\u00a0at styrke plejesektoren, s\u00e5\u00a0hj\u00e6lpen til de \u00e6ldre\u00a0bliver\u00a0mere effektiv.\u00a0Men\u00a0skal man lege Dj\u00e6vlens advokat kan man&#8230;<\/p>\n","protected":false},"author":5,"featured_media":0,"comment_status":"closed","ping_status":"open","sticky":false,"template":"","format":"standard","meta":{"footnotes":""},"categories":[24],"tags":[],"class_list":["post-1653","post","type-post","status-publish","format-standard","hentry","category-stenhusgym"],"_links":{"self":[{"href":"https:\/\/mediacamp.sdu.dk\/index.php\/wp-json\/wp\/v2\/posts\/1653","targetHints":{"allow":["GET"]}}],"collection":[{"href":"https:\/\/mediacamp.sdu.dk\/index.php\/wp-json\/wp\/v2\/posts"}],"about":[{"href":"https:\/\/mediacamp.sdu.dk\/index.php\/wp-json\/wp\/v2\/types\/post"}],"author":[{"embeddable":true,"href":"https:\/\/mediacamp.sdu.dk\/index.php\/wp-json\/wp\/v2\/users\/5"}],"replies":[{"embeddable":true,"href":"https:\/\/mediacamp.sdu.dk\/index.php\/wp-json\/wp\/v2\/comments?post=1653"}],"version-history":[{"count":1,"href":"https:\/\/mediacamp.sdu.dk\/index.php\/wp-json\/wp\/v2\/posts\/1653\/revisions"}],"predecessor-version":[{"id":1662,"href":"https:\/\/mediacamp.sdu.dk\/index.php\/wp-json\/wp\/v2\/posts\/1653\/revisions\/1662"}],"wp:attachment":[{"href":"https:\/\/mediacamp.sdu.dk\/index.php\/wp-json\/wp\/v2\/media?parent=1653"}],"wp:term":[{"taxonomy":"category","embeddable":true,"href":"https:\/\/mediacamp.sdu.dk\/index.php\/wp-json\/wp\/v2\/categories?post=1653"},{"taxonomy":"post_tag","embeddable":true,"href":"https:\/\/mediacamp.sdu.dk\/index.php\/wp-json\/wp\/v2\/tags?post=1653"}],"curies":[{"name":"wp","href":"https:\/\/api.w.org\/{rel}","templated":true}]}}