{"id":1665,"date":"2026-01-16T10:01:03","date_gmt":"2026-01-16T10:01:03","guid":{"rendered":"https:\/\/mediacamp.sdu.dk\/?p=1665"},"modified":"2026-01-16T10:01:03","modified_gmt":"2026-01-16T10:01:03","slug":"leder-ai-er-klimaets-skjulte-synder","status":"publish","type":"post","link":"https:\/\/mediacamp.sdu.dk\/index.php\/2026\/01\/16\/leder-ai-er-klimaets-skjulte-synder\/","title":{"rendered":"LEDER AI er klimaets skjulte synder"},"content":{"rendered":"<p>Af Emil Olsen, Emilie Bebe og Karoline Busk<\/p>\n<p><span data-contrast=\"auto\"><strong>Leder<\/strong>: Hvordan kan politikerne p\u00e5st\u00e5 at f\u00f8re gr\u00f8n politik, n\u00e5r de lader brugen af AI v\u00e6re restriktionsfri? Vand og ressourcer bruges i massevis, hver gang vi \u00f8nsker et hurtigt svar.<\/span><span data-ccp-props=\"{&quot;201341983&quot;:0,&quot;335551550&quot;:6,&quot;335551620&quot;:6,&quot;335559740&quot;:360}\">\u00a0<\/span><\/p>\n<p><b><span data-contrast=\"auto\">V<\/span><\/b><span data-contrast=\"auto\">i<\/span><b><span data-contrast=\"auto\">\u00a0<\/span><\/b><span data-contrast=\"auto\">bruger\u00a0AI\u00a0som en\u00a0naturlig del\u00a0af vores\u00a0hverdag og\u00a0s\u00f8ger\u00a0hovedl\u00f8st\u00a0nemme svar\u00a0p\u00e5\u00a0sp\u00f8rgsm\u00e5l,\u00a0svar p\u00e5\u00a0lektier eller\u00a0hj\u00e6lp til\u00a0at skrive mails. Det kan f\u00f8les nemt og smart,\u00a0n\u00e5r svaret\u00a0er\u00a0\u00e9t\u00a0klik v\u00e6k, men der\u00a0er en\u00a0bagside af\u00a0medaljen.\u00a0Hvert\u00a0sp\u00f8rgsm\u00e5l og\u00a0prompt\u00a0koster\u00a0uanede\u00a0m\u00e6ngder af\u00a0vand og\u00a0ressourcer.<\/span><span data-contrast=\"none\">\u00a0Tech-giganterne\u00a0<\/span><span data-contrast=\"auto\">g\u00e5r stille med\u00a0d\u00f8rene\u00a0om\u00a0deres\u00a0klimaregnskaber\u00a0og\u00a0lader\u00a0<\/span><span data-contrast=\"none\">forbrugerne<\/span><span data-contrast=\"auto\">\u00a0st\u00e5\u00a0i skyggesiden.<\/span><span data-ccp-props=\"{&quot;201341983&quot;:0,&quot;335551550&quot;:6,&quot;335551620&quot;:6,&quot;335559740&quot;:360}\">\u00a0<\/span><span data-ccp-props=\"{&quot;201341983&quot;:0,&quot;335551550&quot;:6,&quot;335551620&quot;:6,&quot;335559740&quot;:360}\">\u00a0<\/span><\/p>\n<p><b><span data-contrast=\"auto\">M<\/span><\/b><span data-contrast=\"auto\">en\u00a0hvorfor g\u00e5r de s\u00e5 stille med d\u00f8rene?\u00a0Det tyder p\u00e5, at\u00a0problemerne er\u00a0v\u00e6rre end vi havde forestillet os.\u00a0AI\u00a0bruger\u00a0enorme\u00a0m\u00e6ngder\u00a0af\u00a0vand og energi til at nedk\u00f8le deres\u00a0servere.\u00a0En ordre eller prompt til\u00a0ChatGPT\u00a0koster samme m\u00e6ngde energi som 40 telefonopladninger. Og et sp\u00f8rgsm\u00e5l til\u00a0ChatGPT\u00a0kan v\u00e6re op til 50 gange v\u00e6rre for milj\u00f8et end en s\u00f8gning p\u00e5\u00a0Google. Mange mennesker er ikke\u00a0bevidste\u00a0om\u00a0AI\u2019s\u00a0klimap\u00e5virkning.\u00a0\u00a0Politikerne\u00a0f\u00f8rer\u00a0sig frem p\u00e5 gr\u00f8n\u00a0politik og snakker\u00a0konstant om klimahandling.\u00a0S\u00e5\u00a0hvorfor lader de selv samme\u00a0politikere\u00a0klimaet st\u00e5\u00a0for\u00a0skud,\u00a0n\u00e5r de\u00a0ikke\u00a0s\u00e6tter\u00a0restriktioner\u00a0p\u00e5\u00a0AI?\u00a0Bekymringer\u00a0om\u00a0kunstig\u00a0intelligens\u00a0har fyldt samfundet i\u00a0<\/span><span data-contrast=\"auto\">lang tid, s\u00e5 hvorfor\u00a0oplyses\u00a0befolkningen ikke\u00a0om,\u00a0hvilke\u00a0klimam\u00e6ssige\u00a0problemstillinger\u00a0det\u00a0medf\u00f8rer?\u00a0Hvis folk vidste,\u00a0hvilken\u00a0m\u00e6ngde af energi en enkelt\u00a0s\u00f8gning p\u00e5\u00a0ChatGPT\u00a0brugte,\u00a0ville de nok\u00a0tr\u00e6ffe nogle\u00a0anderledes\u00a0valg.\u00a0<\/span><span data-ccp-props=\"{&quot;201341983&quot;:0,&quot;335551550&quot;:6,&quot;335551620&quot;:6,&quot;335559740&quot;:360}\">\u00a0<\/span><\/p>\n<p><b><span data-contrast=\"auto\">M<\/span><\/b><span data-contrast=\"auto\">ens vi\u00a0fokuserer\u00a0p\u00e5 at\u00a0sortere\u00a0affald, flyve mindre,\u00a0og\u00a0g\u00f8re vores del\u00a0i hverdagen\u00a0for\u00a0at reducere vores klimaaftryk,\u00a0overser vi en af de st\u00f8rste\u00a0klimasyndere: nemlig brugen af kunstig intelligens.\u00a0Vi\u00a0forts\u00e6tter\u00a0med at\u00a0stille\u00a0irrelevante\u00a0sp\u00f8rgsm\u00e5l\u00a0til\u00a0ChatGPT\u00a0i s\u00f8gen\u00a0efter\u00a0den\u00a0nemme l\u00f8sning.\u00a0Vores\u00a0klimaindsats\u00a0mister sin betydning, n\u00e5r\u00a0tech-giganterne\u00a0ved\u00a0pr\u00e6cis, hvilke konsekvenser\u00a0deres systemer\u00a0har for\u00a0klimaet.\u00a0Selvom\u00a0tech-giganterne render hovedl\u00f8st rundt\u00a0og ikke sk\u00e6nker milj\u00f8et en tanke, burde politikerne g\u00f8re\u00a0det. De burde s\u00e6tte restriktioner\u00a0p\u00e5 brugen af\u00a0drikkevand til n\u00f8dk\u00f8ling\u00a0af\u00a0servere, s\u00e5 det ikke\u00a0forurener\u00a0det\u00a0vand,\u00a0vi skal bruge i vores husholdninger.\u00a0<\/span><span data-ccp-props=\"{&quot;201341983&quot;:0,&quot;335551550&quot;:6,&quot;335551620&quot;:6,&quot;335559740&quot;:360}\">\u00a0<\/span><\/p>\n<p><b><span data-contrast=\"auto\">D<\/span><\/b><span data-contrast=\"auto\">erfor\u00a0er danskerne n\u00f8dt til at \u00e6ndre deres vaner\u00a0og forholde sig kritisk\u00a0til\u00a0deres forbrug af AI.\u00a0Vi kan ikke l\u00e6ngere feje problemstillingen v\u00e6k under t\u00e6ppet og forts\u00e6tte\u00a0vores dovenskab\u00a0i s\u00f8gen efter nem viden.\u00a0Der kan skabes\u00a0en reel forskel i klimakrisen, ved\u00a0at du\u00a0\u00e6ndrer dit\u00a0forbrug.\u00a0Vi st\u00e5r ved en skillevej, hvor\u00a0de valg vi tr\u00e6ffer\u00a0i dag,\u00a0er med til at forme den verden,\u00a0vi g\u00e5r i m\u00f8de.\u00a0Er du villig\u00a0til\u00a0at g\u00f8re den forskel?<\/span><span data-ccp-props=\"{&quot;201341983&quot;:0,&quot;335551550&quot;:6,&quot;335551620&quot;:6,&quot;335559740&quot;:360}\">\u00a0<\/span><\/p>\n<p><span data-ccp-props=\"{&quot;201341983&quot;:0,&quot;335551550&quot;:6,&quot;335551620&quot;:6,&quot;335559685&quot;:720,&quot;335559740&quot;:360}\">\u00a0<\/span><\/p>\n","protected":false},"excerpt":{"rendered":"<p>Af Emil Olsen, Emilie Bebe og Karoline Busk Leder: Hvordan kan politikerne p\u00e5st\u00e5 at f\u00f8re gr\u00f8n politik, n\u00e5r de lader brugen af AI v\u00e6re restriktionsfri? Vand og ressourcer bruges i massevis, hver gang vi \u00f8nsker&#8230;<\/p>\n","protected":false},"author":5,"featured_media":0,"comment_status":"closed","ping_status":"open","sticky":false,"template":"","format":"standard","meta":{"footnotes":""},"categories":[25],"tags":[],"class_list":["post-1665","post","type-post","status-publish","format-standard","hentry","category-nordfynsgym"],"_links":{"self":[{"href":"https:\/\/mediacamp.sdu.dk\/index.php\/wp-json\/wp\/v2\/posts\/1665","targetHints":{"allow":["GET"]}}],"collection":[{"href":"https:\/\/mediacamp.sdu.dk\/index.php\/wp-json\/wp\/v2\/posts"}],"about":[{"href":"https:\/\/mediacamp.sdu.dk\/index.php\/wp-json\/wp\/v2\/types\/post"}],"author":[{"embeddable":true,"href":"https:\/\/mediacamp.sdu.dk\/index.php\/wp-json\/wp\/v2\/users\/5"}],"replies":[{"embeddable":true,"href":"https:\/\/mediacamp.sdu.dk\/index.php\/wp-json\/wp\/v2\/comments?post=1665"}],"version-history":[{"count":1,"href":"https:\/\/mediacamp.sdu.dk\/index.php\/wp-json\/wp\/v2\/posts\/1665\/revisions"}],"predecessor-version":[{"id":1674,"href":"https:\/\/mediacamp.sdu.dk\/index.php\/wp-json\/wp\/v2\/posts\/1665\/revisions\/1674"}],"wp:attachment":[{"href":"https:\/\/mediacamp.sdu.dk\/index.php\/wp-json\/wp\/v2\/media?parent=1665"}],"wp:term":[{"taxonomy":"category","embeddable":true,"href":"https:\/\/mediacamp.sdu.dk\/index.php\/wp-json\/wp\/v2\/categories?post=1665"},{"taxonomy":"post_tag","embeddable":true,"href":"https:\/\/mediacamp.sdu.dk\/index.php\/wp-json\/wp\/v2\/tags?post=1665"}],"curies":[{"name":"wp","href":"https:\/\/api.w.org\/{rel}","templated":true}]}}